{"id":852,"date":"2020-12-17T09:54:43","date_gmt":"2020-12-17T09:54:43","guid":{"rendered":"https:\/\/socialhousingmatters.co.uk\/?p=852"},"modified":"2021-01-13T15:07:25","modified_gmt":"2021-01-13T15:07:25","slug":"northern-irelands-housing-authority-will-be-reclassified-as-a-mutual-but-will-it-also-be-privatised","status":"publish","type":"post","link":"https:\/\/socialhousingmatters.co.uk\/index.php\/2020\/12\/17\/northern-irelands-housing-authority-will-be-reclassified-as-a-mutual-but-will-it-also-be-privatised\/","title":{"rendered":"Northern Ireland\u2019s housing authority will be reclassified as a mutual \u2013 but will it also be privatised?"},"content":{"rendered":"\n<p><strong>By: Stewart Smyth<\/strong>, <em>University of Birmingham<\/em>.      <img loading=\"lazy\" decoding=\"async\" width=\"24\" height=\"21\" class=\"wp-image-432\" style=\"width: 24px;\" src=\"https:\/\/socialhousingmatters.co.uk\/wp-content\/uploads\/2020\/06\/iconfinder_twitter_173834.png\" alt=\"\"><a href=\"http:\/\/www.twitter.com\/smyth_stewart\" target=\"_blank\" rel=\"noreferrer noopener\">@smyth_stewart<\/a><\/p>\n\n\n\n<figure class=\"wp-block-image size-large\"><img loading=\"lazy\" decoding=\"async\" width=\"640\" height=\"426\" src=\"https:\/\/socialhousingmatters.co.uk\/wp-content\/uploads\/2020\/12\/direction-1033278_640.jpg\" alt=\"\" class=\"wp-image-853\" srcset=\"https:\/\/socialhousingmatters.co.uk\/wp-content\/uploads\/2020\/12\/direction-1033278_640.jpg 640w, https:\/\/socialhousingmatters.co.uk\/wp-content\/uploads\/2020\/12\/direction-1033278_640-300x200.jpg 300w\" sizes=\"auto, (max-width: 640px) 100vw, 640px\" \/><figcaption>Image of signs pointing different directions by <a href=\"https:\/\/pixabay.com\/users\/geralt-9301\/?utm_source=link-attribution&amp;utm_medium=referral&amp;utm_campaign=image&amp;utm_content=1033278\">Gerd Altmann<\/a> from <a href=\"https:\/\/pixabay.com\/?utm_source=link-attribution&amp;utm_medium=referral&amp;utm_campaign=image&amp;utm_content=1033278\">Pixabay<\/a><\/figcaption><\/figure>\n\n\n\n<p><em>The Minister for Communities at Stormont recently delivered a major statement on housing policy which was then lauded from almost all sides.&nbsp;<strong><a href=\"https:\/\/blogs.lse.ac.uk\/politicsandpolicy\/nihe\/#Author\">Stewart Smyth<\/a><\/strong>&nbsp;takes a deeper look at what the Minister said and argues that&nbsp;there is an intention to privatise the Northern Ireland Housing Executive.<\/em><\/p>\n\n\n\n<p>The Northern Ireland Minister for Communities, Car\u00e1l N\u00ed Chuil\u00edn (Sinn Fein), recently made&nbsp;<a href=\"https:\/\/niassembly.tv\/plenary-session-tuesday-3-november-2020\/\">a housing policy statement<\/a>&nbsp;at Stormont concerning the future of the Northern Ireland Housing Executive (NIHE):<\/p>\n\n\n\n<p>We need to build more social homes. We need to sort out the long term future of the Housing Executive. We need to make sure it can repair its homes, regenerate its estates and start building again. We need to get the Housing Executive building again.<\/p>\n\n\n\n<p>The NIHE is a concrete lasting reform of the Northern Ireland civil rights movement from the late 1960s. Over the decades since, the Housing Executive has an internationally recognised track-record of improving&nbsp;<a href=\"https:\/\/www.communities-ni.gov.uk\/publications\/summary-strategic-review-options-future-service-delivery\">the quality of public housing and building communities<\/a>. However, like other public services in these islands the neoliberal and austerity years has sought to undermine much of this legacy; yet the NIHE remains hugely popular with tenants and the general population in NI.<\/p>\n\n\n\n<p>Making general popular statements about saving the Housing Executive is, however, the easy bit; the Minister now has to deliver on these raised expectations. Looking at the statement in more detail, two things become clear: first, there is little substance on how the policy outcomes will be achieved, and second, what was mentioned indicates that privatisation and private sector providers loom large in the Minister\u2019s thinking. It is not spin to say that in the absence of a developed and detailed Sinn Fein housing policy prior to taking on this portfolio, the Minister has acquiesced to the longstanding policy preferences of the top officials in the departments for Communities and Finance.<\/p>\n\n\n\n<p><a href=\"https:\/\/www.housingrights.org.uk\/\">Housing Rights<\/a>, a Norther Ireland-based non-governmental organisation, has highlighted the proposal to allow the NIHE discharge their statutory duty to provide accommodation for homeless people through offering a private rented sector tenancy. They&nbsp;<a href=\"https:\/\/www.housingrights.org.uk\/news\/should-nihe-use-PRS-meet-statutory-duty\">state<\/a>&nbsp;that \u2018Housing Rights believes the private rented sector in Northern Ireland, as currently regulated, cannot provide a good quality, affordable and sustainable home for homeless families\u2019.<\/p>\n\n\n\n<p>It is not just homeless people who will be thrown to the vagaries of the private sector \u2013 it appears that the NIHE will also be privatised. Of course the Minister does not state this unambiguously and many will no doubt be surprised, especially as Sinn Fein have portrayed themselves in recent years as being on the left of the political spectrum. However, it can be argued that the intention is to use the housing mutual\/co-operative model to privatise the Housing Executive. Here is what we know from the Minister\u2019s appearance at Stormont:<\/p>\n\n\n\n<ol class=\"wp-block-list\"><li>Mutuals and co-operatives are private sector entities. Some may claim that as they don\u2019t pay dividends this does not represent privatisation. This claim misses the main point that once the housing is taken out of the public sector it becomes subject to business-style pressures;<\/li><li>Mutuals and co-operatives are private sector bodies according to Office for National Statistics (ONS) rules. These are the rules the Westminster government uses to decide what is considered public borrowing;<\/li><li>The Minister clearly stated her intention to reclassify the NIHE, (according to ONS rules); the logic appears similar to that followed in Britain and Northern Ireland, where housing associations were reclassified over recent years to satisfy the ONS that they were, in fact, private sector entities;<\/li><li>The Minister talked of allowing the NIHE access to Financial Transaction Capital. In Northern Ireland, such finance is a government subsidy that is only available to private sector entities.<\/li><\/ol>\n\n\n\n<p>All these are indicators that the policy being pursued is one of privatisation. It needs to be remembered that this idea to \u2018reclassify\u2019 the NIHE out of the public sector was also announced as part of a plan by the then minister, Nelson McCausland (DUP), back in 2013.<\/p>\n\n\n\n<p>The use of mutual\/co-operative model obfuscates that in substance the Housing Executive is being privatised. The establishing of housing mutuals, from former public housing, is often accompanied by a slew of propaganda around greater participation for, or even empowerment of, staff and tenants. However, housing mutuals\u2019 actual track record highlight they do not stop any of privatisation\u2019s negative impacts from occurring \u2013 rents\/charges increase, service levels decrease, tenants lose their accountability mechanisms, as the finance providers exert their dominance, and senior managers reward themselves handsomely.<\/p>\n\n\n\n<p>As housing researcher&nbsp;<a href=\"http:\/\/eprints.whiterose.ac.uk\/76399\/\">Stuart Hodkinson<\/a>&nbsp;has observed:<\/p>\n\n\n\n<p>Regardless of \u2018empowerment\u2019 rhetoric, these mutual models would be run as businesses dependent on open market borrowing, making tenant control (and housing need) ultimately subservient to debt viability and delegated \u2018professional\u2019 management decisions.<\/p>\n\n\n\n<p>Fortunately, ordinary people can take matters into their own hands, as tenants and campaigners have done in recent years. As part of the McCausland plan, a pilot scheme of estate transfers from the NIHE to existing housing association was pursued. In 2017\/18 the first two tenant votes took place on estates in Ballyclare and Ballymena. The results were an overwhelming rejection (90% in Ballyclare) of transfer by the tenants. These votes led to the Department for Communities suspending the rest of the pilot scheme. Not only does this indicate how the new privatisation\/transfer policy may be received by tenants, it also shows how to reverse it and keep the Housing Executive in public hands.<\/p>\n\n\n\n<p>The battle to save the Housing Executive as a publicly funded and publicly accountable body has already taken years. People in Northern Ireland now face another attempt to privatise this lasting legacy of the \u201968 civil rights movement. But they also have the experience and inspiration, locally and across these islands, of tenant- and trade union-led campaigns that have stopped such housing privatisations. The fate of the NIHE is in their hands.<\/p>\n\n\n\n<p><strong><a href=\"https:\/\/www.birmingham.ac.uk\/staff\/profiles\/business\/smyth-stewart.aspx\">Stewart Smyth&nbsp;<\/a><\/strong>is author of a research report,&nbsp;<a href=\"https:\/\/nipsa.org.uk\/campaigns\/housing\/483-press-release-nipsa-launch-new-vision-for-housing-21st-century-housing-for-northern-ireland\">21<sup>st<\/sup>&nbsp;Century Housing for Northern Ireland<\/a>, for the NI-based trade union, NIPSA. He is Senior Lecturer at the&nbsp;University of Birmingham and&nbsp;a member of its&nbsp;<a href=\"https:\/\/www.birmingham.ac.uk\/research\/chasm\/research\/housing-communities\/index.aspx\">Housing and Communities Research Group<\/a>.<\/p>\n\n\n\n<p>This article originally appeared in the LSE and we have permission to republish here. Original link:<a href=\"https:\/\/blogs.lse.ac.uk\/politicsandpolicy\/nihe\" target=\"_blank\" rel=\"noreferrer noopener\"> https:\/\/blogs.lse.ac.uk\/politicsandpolicy\/nihe<\/a><\/p>\n\n\n\n<p>Twitter: <a href=\"http:\/\/www.twitter.com\/smyth_stewart\" target=\"_blank\" rel=\"noreferrer noopener\">@smyth_stewart<\/a><\/p>\n\n\n\n<p><\/p>\n","protected":false},"excerpt":{"rendered":"<p>The Minister for Communities at Stormont recently delivered a major statement on housing policy which was then lauded from almost all sides. <\/p>\n<p>In this article, University of Birmingham Lecturer and researcher Stewart Smyth takes a deeper look at what the Minister said and argues that there is an intention to privatise the Northern Ireland Housing Executive.<\/p>\n","protected":false},"author":5,"featured_media":853,"comment_status":"open","ping_status":"open","sticky":false,"template":"","format":"standard","meta":{"footnotes":""},"categories":[6,12],"tags":[185,184,186],"class_list":["post-852","post","type-post","status-publish","format-standard","has-post-thumbnail","hentry","category-abroad","category-featured","tag-funding-of-social-housing","tag-northern-ireland-social-housing","tag-privatisation",""],"yoast_head":"<!-- This site is optimized with the Yoast SEO plugin v18.4.1 - https:\/\/yoast.com\/wordpress\/plugins\/seo\/ -->\n<title>Northern Ireland\u2019s housing authority will be reclassified as a mutual \u2013 but will it also be privatised? - Social Housing Matters<\/title>\n<meta name=\"robots\" content=\"index, follow, max-snippet:-1, max-image-preview:large, max-video-preview:-1\" \/>\n<link rel=\"canonical\" href=\"https:\/\/socialhousingmatters.co.uk\/index.php\/2020\/12\/17\/northern-irelands-housing-authority-will-be-reclassified-as-a-mutual-but-will-it-also-be-privatised\/\" \/>\n<meta property=\"og:locale\" content=\"en_GB\" \/>\n<meta property=\"og:type\" content=\"article\" \/>\n<meta property=\"og:title\" content=\"Northern Ireland\u2019s housing authority will be reclassified as a mutual \u2013 but will it also be privatised? - Social Housing Matters\" \/>\n<meta property=\"og:description\" content=\"The Minister for Communities at Stormont recently delivered a major statement on housing policy which was then lauded from almost all sides.  In this article, University of Birmingham Lecturer and researcher Stewart Smyth takes a deeper look at what the Minister said and argues that there is an intention to privatise the Northern Ireland Housing Executive.\" \/>\n<meta property=\"og:url\" content=\"https:\/\/socialhousingmatters.co.uk\/index.php\/2020\/12\/17\/northern-irelands-housing-authority-will-be-reclassified-as-a-mutual-but-will-it-also-be-privatised\/\" \/>\n<meta property=\"og:site_name\" content=\"Social Housing Matters\" \/>\n<meta property=\"article:published_time\" content=\"2020-12-17T09:54:43+00:00\" \/>\n<meta property=\"article:modified_time\" content=\"2021-01-13T15:07:25+00:00\" \/>\n<meta property=\"og:image\" content=\"https:\/\/socialhousingmatters.co.uk\/wp-content\/uploads\/2020\/12\/direction-1033278_640.jpg\" \/>\n\t<meta property=\"og:image:width\" content=\"640\" \/>\n\t<meta property=\"og:image:height\" content=\"426\" \/>\n\t<meta property=\"og:image:type\" content=\"image\/jpeg\" \/>\n<meta name=\"twitter:card\" content=\"summary_large_image\" \/>\n<meta name=\"twitter:site\" content=\"@drgabywolferink\" \/>\n<meta name=\"twitter:label1\" content=\"Written by\" \/>\n\t<meta name=\"twitter:data1\" content=\"Guest Author\" \/>\n\t<meta name=\"twitter:label2\" content=\"Estimated reading time\" \/>\n\t<meta name=\"twitter:data2\" content=\"5 minutes\" \/>\n<script type=\"application\/ld+json\" class=\"yoast-schema-graph\">{\"@context\":\"https:\/\/schema.org\",\"@graph\":[{\"@type\":[\"Person\",\"Organization\"],\"@id\":\"https:\/\/socialhousingmatters.co.uk\/#\/schema\/person\/ab61eef4aaf428416ecbf38f3117cdcd\",\"name\":\"Gaby Wolferink\",\"image\":{\"@type\":\"ImageObject\",\"@id\":\"https:\/\/socialhousingmatters.co.uk\/#personlogo\",\"inLanguage\":\"en-GB\",\"url\":\"https:\/\/secure.gravatar.com\/avatar\/b2b04269e4979036b86c2a18014ce3ea13eff9fa3dbd4b8b5ec636381c5ec3f5?s=96&r=g\",\"contentUrl\":\"https:\/\/secure.gravatar.com\/avatar\/b2b04269e4979036b86c2a18014ce3ea13eff9fa3dbd4b8b5ec636381c5ec3f5?s=96&r=g\",\"caption\":\"Gaby Wolferink\"},\"logo\":{\"@id\":\"https:\/\/socialhousingmatters.co.uk\/#personlogo\"},\"sameAs\":[\"https:\/\/socialhousingmatters.co.uk\",\"https:\/\/twitter.com\/drgabywolferink\"]},{\"@type\":\"WebSite\",\"@id\":\"https:\/\/socialhousingmatters.co.uk\/#website\",\"url\":\"https:\/\/socialhousingmatters.co.uk\/\",\"name\":\"Social Housing Matters\",\"description\":\"Because Social Housing Matters\",\"publisher\":{\"@id\":\"https:\/\/socialhousingmatters.co.uk\/#\/schema\/person\/ab61eef4aaf428416ecbf38f3117cdcd\"},\"potentialAction\":[{\"@type\":\"SearchAction\",\"target\":{\"@type\":\"EntryPoint\",\"urlTemplate\":\"https:\/\/socialhousingmatters.co.uk\/?s={search_term_string}\"},\"query-input\":\"required name=search_term_string\"}],\"inLanguage\":\"en-GB\"},{\"@type\":\"ImageObject\",\"@id\":\"https:\/\/socialhousingmatters.co.uk\/index.php\/2020\/12\/17\/northern-irelands-housing-authority-will-be-reclassified-as-a-mutual-but-will-it-also-be-privatised\/#primaryimage\",\"inLanguage\":\"en-GB\",\"url\":\"https:\/\/socialhousingmatters.co.uk\/wp-content\/uploads\/2020\/12\/direction-1033278_640.jpg\",\"contentUrl\":\"https:\/\/socialhousingmatters.co.uk\/wp-content\/uploads\/2020\/12\/direction-1033278_640.jpg\",\"width\":640,\"height\":426},{\"@type\":\"WebPage\",\"@id\":\"https:\/\/socialhousingmatters.co.uk\/index.php\/2020\/12\/17\/northern-irelands-housing-authority-will-be-reclassified-as-a-mutual-but-will-it-also-be-privatised\/#webpage\",\"url\":\"https:\/\/socialhousingmatters.co.uk\/index.php\/2020\/12\/17\/northern-irelands-housing-authority-will-be-reclassified-as-a-mutual-but-will-it-also-be-privatised\/\",\"name\":\"Northern Ireland\u2019s housing authority will be reclassified as a mutual \u2013 but will it also be privatised? - Social Housing Matters\",\"isPartOf\":{\"@id\":\"https:\/\/socialhousingmatters.co.uk\/#website\"},\"primaryImageOfPage\":{\"@id\":\"https:\/\/socialhousingmatters.co.uk\/index.php\/2020\/12\/17\/northern-irelands-housing-authority-will-be-reclassified-as-a-mutual-but-will-it-also-be-privatised\/#primaryimage\"},\"datePublished\":\"2020-12-17T09:54:43+00:00\",\"dateModified\":\"2021-01-13T15:07:25+00:00\",\"breadcrumb\":{\"@id\":\"https:\/\/socialhousingmatters.co.uk\/index.php\/2020\/12\/17\/northern-irelands-housing-authority-will-be-reclassified-as-a-mutual-but-will-it-also-be-privatised\/#breadcrumb\"},\"inLanguage\":\"en-GB\",\"potentialAction\":[{\"@type\":\"ReadAction\",\"target\":[\"https:\/\/socialhousingmatters.co.uk\/index.php\/2020\/12\/17\/northern-irelands-housing-authority-will-be-reclassified-as-a-mutual-but-will-it-also-be-privatised\/\"]}]},{\"@type\":\"BreadcrumbList\",\"@id\":\"https:\/\/socialhousingmatters.co.uk\/index.php\/2020\/12\/17\/northern-irelands-housing-authority-will-be-reclassified-as-a-mutual-but-will-it-also-be-privatised\/#breadcrumb\",\"itemListElement\":[{\"@type\":\"ListItem\",\"position\":1,\"name\":\"Home\",\"item\":\"https:\/\/socialhousingmatters.co.uk\/\"},{\"@type\":\"ListItem\",\"position\":2,\"name\":\"Northern Ireland\u2019s housing authority will be reclassified as a mutual \u2013 but will it also be privatised?\"}]},{\"@type\":\"Article\",\"@id\":\"https:\/\/socialhousingmatters.co.uk\/index.php\/2020\/12\/17\/northern-irelands-housing-authority-will-be-reclassified-as-a-mutual-but-will-it-also-be-privatised\/#article\",\"isPartOf\":{\"@id\":\"https:\/\/socialhousingmatters.co.uk\/index.php\/2020\/12\/17\/northern-irelands-housing-authority-will-be-reclassified-as-a-mutual-but-will-it-also-be-privatised\/#webpage\"},\"author\":{\"@id\":\"https:\/\/socialhousingmatters.co.uk\/#\/schema\/person\/28f1e39e2c5fe41d9419e83bc70751bc\"},\"headline\":\"Northern Ireland\u2019s housing authority will be reclassified as a mutual \u2013 but will it also be privatised?\",\"datePublished\":\"2020-12-17T09:54:43+00:00\",\"dateModified\":\"2021-01-13T15:07:25+00:00\",\"mainEntityOfPage\":{\"@id\":\"https:\/\/socialhousingmatters.co.uk\/index.php\/2020\/12\/17\/northern-irelands-housing-authority-will-be-reclassified-as-a-mutual-but-will-it-also-be-privatised\/#webpage\"},\"wordCount\":1090,\"commentCount\":2,\"publisher\":{\"@id\":\"https:\/\/socialhousingmatters.co.uk\/#\/schema\/person\/ab61eef4aaf428416ecbf38f3117cdcd\"},\"image\":{\"@id\":\"https:\/\/socialhousingmatters.co.uk\/index.php\/2020\/12\/17\/northern-irelands-housing-authority-will-be-reclassified-as-a-mutual-but-will-it-also-be-privatised\/#primaryimage\"},\"thumbnailUrl\":\"https:\/\/socialhousingmatters.co.uk\/wp-content\/uploads\/2020\/12\/direction-1033278_640.jpg\",\"keywords\":[\"funding of social housing\",\"northern ireland social housing\",\"privatisation\"],\"articleSection\":[\"(A)broaden Horizons\",\"Featured\"],\"inLanguage\":\"en-GB\",\"potentialAction\":[{\"@type\":\"CommentAction\",\"name\":\"Comment\",\"target\":[\"https:\/\/socialhousingmatters.co.uk\/index.php\/2020\/12\/17\/northern-irelands-housing-authority-will-be-reclassified-as-a-mutual-but-will-it-also-be-privatised\/#respond\"]}]},{\"@type\":\"Person\",\"@id\":\"https:\/\/socialhousingmatters.co.uk\/#\/schema\/person\/28f1e39e2c5fe41d9419e83bc70751bc\",\"name\":\"Guest Author\",\"image\":{\"@type\":\"ImageObject\",\"@id\":\"https:\/\/socialhousingmatters.co.uk\/#personlogo\",\"inLanguage\":\"en-GB\",\"url\":\"https:\/\/secure.gravatar.com\/avatar\/e3ed272d0070eaf845d393db8fa3bad38ba8627a69d93d895aa6cd99a184fd45?s=96&r=g\",\"contentUrl\":\"https:\/\/secure.gravatar.com\/avatar\/e3ed272d0070eaf845d393db8fa3bad38ba8627a69d93d895aa6cd99a184fd45?s=96&r=g\",\"caption\":\"Guest Author\"},\"url\":\"https:\/\/socialhousingmatters.co.uk\/index.php\/author\/guest-author\/\"}]}<\/script>\n<!-- \/ Yoast SEO plugin. -->","yoast_head_json":{"title":"Northern Ireland\u2019s housing authority will be reclassified as a mutual \u2013 but will it also be privatised? - Social Housing Matters","robots":{"index":"index","follow":"follow","max-snippet":"max-snippet:-1","max-image-preview":"max-image-preview:large","max-video-preview":"max-video-preview:-1"},"canonical":"https:\/\/socialhousingmatters.co.uk\/index.php\/2020\/12\/17\/northern-irelands-housing-authority-will-be-reclassified-as-a-mutual-but-will-it-also-be-privatised\/","og_locale":"en_GB","og_type":"article","og_title":"Northern Ireland\u2019s housing authority will be reclassified as a mutual \u2013 but will it also be privatised? - Social Housing Matters","og_description":"The Minister for Communities at Stormont recently delivered a major statement on housing policy which was then lauded from almost all sides.  In this article, University of Birmingham Lecturer and researcher Stewart Smyth takes a deeper look at what the Minister said and argues that there is an intention to privatise the Northern Ireland Housing Executive.","og_url":"https:\/\/socialhousingmatters.co.uk\/index.php\/2020\/12\/17\/northern-irelands-housing-authority-will-be-reclassified-as-a-mutual-but-will-it-also-be-privatised\/","og_site_name":"Social Housing Matters","article_published_time":"2020-12-17T09:54:43+00:00","article_modified_time":"2021-01-13T15:07:25+00:00","og_image":[{"width":640,"height":426,"url":"https:\/\/socialhousingmatters.co.uk\/wp-content\/uploads\/2020\/12\/direction-1033278_640.jpg","type":"image\/jpeg"}],"twitter_card":"summary_large_image","twitter_site":"@drgabywolferink","twitter_misc":{"Written by":"Guest Author","Estimated reading time":"5 minutes"},"schema":{"@context":"https:\/\/schema.org","@graph":[{"@type":["Person","Organization"],"@id":"https:\/\/socialhousingmatters.co.uk\/#\/schema\/person\/ab61eef4aaf428416ecbf38f3117cdcd","name":"Gaby Wolferink","image":{"@type":"ImageObject","@id":"https:\/\/socialhousingmatters.co.uk\/#personlogo","inLanguage":"en-GB","url":"https:\/\/secure.gravatar.com\/avatar\/b2b04269e4979036b86c2a18014ce3ea13eff9fa3dbd4b8b5ec636381c5ec3f5?s=96&r=g","contentUrl":"https:\/\/secure.gravatar.com\/avatar\/b2b04269e4979036b86c2a18014ce3ea13eff9fa3dbd4b8b5ec636381c5ec3f5?s=96&r=g","caption":"Gaby Wolferink"},"logo":{"@id":"https:\/\/socialhousingmatters.co.uk\/#personlogo"},"sameAs":["https:\/\/socialhousingmatters.co.uk","https:\/\/twitter.com\/drgabywolferink"]},{"@type":"WebSite","@id":"https:\/\/socialhousingmatters.co.uk\/#website","url":"https:\/\/socialhousingmatters.co.uk\/","name":"Social Housing Matters","description":"Because Social Housing Matters","publisher":{"@id":"https:\/\/socialhousingmatters.co.uk\/#\/schema\/person\/ab61eef4aaf428416ecbf38f3117cdcd"},"potentialAction":[{"@type":"SearchAction","target":{"@type":"EntryPoint","urlTemplate":"https:\/\/socialhousingmatters.co.uk\/?s={search_term_string}"},"query-input":"required name=search_term_string"}],"inLanguage":"en-GB"},{"@type":"ImageObject","@id":"https:\/\/socialhousingmatters.co.uk\/index.php\/2020\/12\/17\/northern-irelands-housing-authority-will-be-reclassified-as-a-mutual-but-will-it-also-be-privatised\/#primaryimage","inLanguage":"en-GB","url":"https:\/\/socialhousingmatters.co.uk\/wp-content\/uploads\/2020\/12\/direction-1033278_640.jpg","contentUrl":"https:\/\/socialhousingmatters.co.uk\/wp-content\/uploads\/2020\/12\/direction-1033278_640.jpg","width":640,"height":426},{"@type":"WebPage","@id":"https:\/\/socialhousingmatters.co.uk\/index.php\/2020\/12\/17\/northern-irelands-housing-authority-will-be-reclassified-as-a-mutual-but-will-it-also-be-privatised\/#webpage","url":"https:\/\/socialhousingmatters.co.uk\/index.php\/2020\/12\/17\/northern-irelands-housing-authority-will-be-reclassified-as-a-mutual-but-will-it-also-be-privatised\/","name":"Northern Ireland\u2019s housing authority will be reclassified as a mutual \u2013 but will it also be privatised? - Social Housing Matters","isPartOf":{"@id":"https:\/\/socialhousingmatters.co.uk\/#website"},"primaryImageOfPage":{"@id":"https:\/\/socialhousingmatters.co.uk\/index.php\/2020\/12\/17\/northern-irelands-housing-authority-will-be-reclassified-as-a-mutual-but-will-it-also-be-privatised\/#primaryimage"},"datePublished":"2020-12-17T09:54:43+00:00","dateModified":"2021-01-13T15:07:25+00:00","breadcrumb":{"@id":"https:\/\/socialhousingmatters.co.uk\/index.php\/2020\/12\/17\/northern-irelands-housing-authority-will-be-reclassified-as-a-mutual-but-will-it-also-be-privatised\/#breadcrumb"},"inLanguage":"en-GB","potentialAction":[{"@type":"ReadAction","target":["https:\/\/socialhousingmatters.co.uk\/index.php\/2020\/12\/17\/northern-irelands-housing-authority-will-be-reclassified-as-a-mutual-but-will-it-also-be-privatised\/"]}]},{"@type":"BreadcrumbList","@id":"https:\/\/socialhousingmatters.co.uk\/index.php\/2020\/12\/17\/northern-irelands-housing-authority-will-be-reclassified-as-a-mutual-but-will-it-also-be-privatised\/#breadcrumb","itemListElement":[{"@type":"ListItem","position":1,"name":"Home","item":"https:\/\/socialhousingmatters.co.uk\/"},{"@type":"ListItem","position":2,"name":"Northern Ireland\u2019s housing authority will be reclassified as a mutual \u2013 but will it also be privatised?"}]},{"@type":"Article","@id":"https:\/\/socialhousingmatters.co.uk\/index.php\/2020\/12\/17\/northern-irelands-housing-authority-will-be-reclassified-as-a-mutual-but-will-it-also-be-privatised\/#article","isPartOf":{"@id":"https:\/\/socialhousingmatters.co.uk\/index.php\/2020\/12\/17\/northern-irelands-housing-authority-will-be-reclassified-as-a-mutual-but-will-it-also-be-privatised\/#webpage"},"author":{"@id":"https:\/\/socialhousingmatters.co.uk\/#\/schema\/person\/28f1e39e2c5fe41d9419e83bc70751bc"},"headline":"Northern Ireland\u2019s housing authority will be reclassified as a mutual \u2013 but will it also be privatised?","datePublished":"2020-12-17T09:54:43+00:00","dateModified":"2021-01-13T15:07:25+00:00","mainEntityOfPage":{"@id":"https:\/\/socialhousingmatters.co.uk\/index.php\/2020\/12\/17\/northern-irelands-housing-authority-will-be-reclassified-as-a-mutual-but-will-it-also-be-privatised\/#webpage"},"wordCount":1090,"commentCount":2,"publisher":{"@id":"https:\/\/socialhousingmatters.co.uk\/#\/schema\/person\/ab61eef4aaf428416ecbf38f3117cdcd"},"image":{"@id":"https:\/\/socialhousingmatters.co.uk\/index.php\/2020\/12\/17\/northern-irelands-housing-authority-will-be-reclassified-as-a-mutual-but-will-it-also-be-privatised\/#primaryimage"},"thumbnailUrl":"https:\/\/socialhousingmatters.co.uk\/wp-content\/uploads\/2020\/12\/direction-1033278_640.jpg","keywords":["funding of social housing","northern ireland social housing","privatisation"],"articleSection":["(A)broaden Horizons","Featured"],"inLanguage":"en-GB","potentialAction":[{"@type":"CommentAction","name":"Comment","target":["https:\/\/socialhousingmatters.co.uk\/index.php\/2020\/12\/17\/northern-irelands-housing-authority-will-be-reclassified-as-a-mutual-but-will-it-also-be-privatised\/#respond"]}]},{"@type":"Person","@id":"https:\/\/socialhousingmatters.co.uk\/#\/schema\/person\/28f1e39e2c5fe41d9419e83bc70751bc","name":"Guest Author","image":{"@type":"ImageObject","@id":"https:\/\/socialhousingmatters.co.uk\/#personlogo","inLanguage":"en-GB","url":"https:\/\/secure.gravatar.com\/avatar\/e3ed272d0070eaf845d393db8fa3bad38ba8627a69d93d895aa6cd99a184fd45?s=96&r=g","contentUrl":"https:\/\/secure.gravatar.com\/avatar\/e3ed272d0070eaf845d393db8fa3bad38ba8627a69d93d895aa6cd99a184fd45?s=96&r=g","caption":"Guest Author"},"url":"https:\/\/socialhousingmatters.co.uk\/index.php\/author\/guest-author\/"}]}},"_links":{"self":[{"href":"https:\/\/socialhousingmatters.co.uk\/index.php\/wp-json\/wp\/v2\/posts\/852","targetHints":{"allow":["GET"]}}],"collection":[{"href":"https:\/\/socialhousingmatters.co.uk\/index.php\/wp-json\/wp\/v2\/posts"}],"about":[{"href":"https:\/\/socialhousingmatters.co.uk\/index.php\/wp-json\/wp\/v2\/types\/post"}],"author":[{"embeddable":true,"href":"https:\/\/socialhousingmatters.co.uk\/index.php\/wp-json\/wp\/v2\/users\/5"}],"replies":[{"embeddable":true,"href":"https:\/\/socialhousingmatters.co.uk\/index.php\/wp-json\/wp\/v2\/comments?post=852"}],"version-history":[{"count":5,"href":"https:\/\/socialhousingmatters.co.uk\/index.php\/wp-json\/wp\/v2\/posts\/852\/revisions"}],"predecessor-version":[{"id":916,"href":"https:\/\/socialhousingmatters.co.uk\/index.php\/wp-json\/wp\/v2\/posts\/852\/revisions\/916"}],"wp:featuredmedia":[{"embeddable":true,"href":"https:\/\/socialhousingmatters.co.uk\/index.php\/wp-json\/wp\/v2\/media\/853"}],"wp:attachment":[{"href":"https:\/\/socialhousingmatters.co.uk\/index.php\/wp-json\/wp\/v2\/media?parent=852"}],"wp:term":[{"taxonomy":"category","embeddable":true,"href":"https:\/\/socialhousingmatters.co.uk\/index.php\/wp-json\/wp\/v2\/categories?post=852"},{"taxonomy":"post_tag","embeddable":true,"href":"https:\/\/socialhousingmatters.co.uk\/index.php\/wp-json\/wp\/v2\/tags?post=852"}],"curies":[{"name":"wp","href":"https:\/\/api.w.org\/{rel}","templated":true}]}}